{"id":1579,"date":"2025-10-02T05:14:09","date_gmt":"2025-10-02T08:14:09","guid":{"rendered":"https:\/\/eventos.uel.br\/sefisuel\/?p=1579"},"modified":"2025-10-02T05:14:10","modified_gmt":"2025-10-02T08:14:10","slug":"presidente-do-cnpq-abre-semana-da-fisica-com-palestra-sobre-ciencia-e-desenvolvimento-nacional","status":"publish","type":"post","link":"https:\/\/eventos.uel.br\/sefisuel\/noticias\/2025\/10\/02\/presidente-do-cnpq-abre-semana-da-fisica-com-palestra-sobre-ciencia-e-desenvolvimento-nacional\/","title":{"rendered":"Presidente do CNPq abre Semana da F\u00edsica com palestra sobre Ci\u00eancia e desenvolvimento nacional"},"content":{"rendered":"\n<p>A 29\u00aa Semana da F\u00edsica da UEL ter\u00e1 sua abertura oficial no dia 20 de outubro, \u00e0s 9 horas, com a palestra magna do Prof. Ricardo Magnus Os\u00f3rio Galv\u00e3o, atual presidente do Conselho Nacional de Desenvolvimento Cient\u00edfico e Tecnol\u00f3gico (<a href=\"https:\/\/www.gov.br\/cnpq\/pt-br\">CNPq<\/a>). O evento ser\u00e1 realizado no Anfiteatro Cyro Grossi, no Centro de Ci\u00eancias Biol\u00f3gicas (<a href=\"https:\/\/sites.uel.br\/ccb\/\">CCB<\/a>), no campus da UEL.<\/p>\n\n\n\n<p>Com o tema \u201cO Potencial Transformador do Cientista: Ci\u00eancia, Pol\u00edtica e Desenvolvimento Nacional\u201d, a palestra abordar\u00e1 o papel crucial da F\u00edsica e da Ci\u00eancia na busca por solu\u00e7\u00f5es para os desafios contempor\u00e2neos. O professor Ricardo Galv\u00e3o, uma refer\u00eancia nacional por sua trajet\u00f3ria acad\u00eamica e pela firme defesa da pesquisa, discutir\u00e1 a import\u00e2ncia da integra\u00e7\u00e3o entre o conhecimento cient\u00edfico, a inova\u00e7\u00e3o e as pol\u00edticas p\u00fablicas como motor para o desenvolvimento sustent\u00e1vel e o avan\u00e7o tecnol\u00f3gico do Brasil.<\/p>\n\n\n\n<p>A presen\u00e7a do presidente do CNPq na UEL refor\u00e7a a relev\u00e2ncia da Semana da F\u00edsica como um espa\u00e7o para o debate qualificado sobre o futuro da ci\u00eancia no pa\u00eds. A palestra de abertura \u00e9 um convite \u00e0 reflex\u00e3o sobre como a produ\u00e7\u00e3o acad\u00eamica pode gerar impacto direto na sociedade e contribuir para a soberania nacional.<\/p>\n\n\n\n<p>Segundo a comiss\u00e3o organizadora, \u201ca participa\u00e7\u00e3o do professor Ricardo Galv\u00e3o \u00e9 uma honra para a Universidade e um momento \u00edmpar para nossos estudantes e para a comunidade. Sua perspectiva une a excel\u00eancia cient\u00edfica \u00e0 vis\u00e3o estrat\u00e9gica que o Brasil precisa para enfrentar os desafios atuais\u201d.<\/p>\n\n\n\n<p>A Semana da F\u00edsica da UEL \u00e9 um evento tradicional organizado pelo&nbsp;<a href=\"https:\/\/departamentos.uel.br\/fisica\/\">Departamento de F\u00edsica<\/a>, que busca promover a difus\u00e3o do conhecimento cient\u00edfico e fortalecer o v\u00ednculo entre a universidade e a comunidade. A edi\u00e7\u00e3o de 2025 tem como tema \u201cF\u00edsica Aplicada \u2014 Solu\u00e7\u00f5es Cient\u00edficas para os Desafios Contempor\u00e2neos\u201d.<\/p>\n\n\n\n<p>O evento \u00e9 aberto a estudantes, docentes, pesquisadores e toda a comunidade<br>interessada. Saiba mais\u00a0<a href=\"https:\/\/eventos.uel.br\/sefisuel\/\" data-type=\"link\" data-id=\"https:\/\/eventos.uel.br\/sefisuel\/\">aqui<\/a>. Outras informa\u00e7\u00f5es podem ser obtidas por\u00a0<a href=\"https:\/\/operobal.uel.br\/ciencia\/2025\/09\/30\/presidente-do-cnpq-abre-semana-da-fisica-com-palestra-sobre-ciencia-e-desenvolvimento-nacional\/sefisuel@uel.br\">e-mail<\/a>.<\/p>\n\n\n\n<p><strong>SERVI\u00c7O:<\/strong><\/p>\n\n\n\n<p>Palestra de Abertura da 29\u00aa Semana da F\u00edsica da UEL.<\/p>\n\n\n\n<ul class=\"wp-block-list\">\n<li><strong>Tema<\/strong>: \u201cO Potencial Transformador do Cientista: Ci\u00eancia, Pol\u00edtica e<br>Desenvolvimento Nacional\u201d.<\/li>\n\n\n\n<li><strong>Palestrante<\/strong>: Prof. Ricardo Magnus Os\u00f3rio Galv\u00e3o (<strong>Presidente do CNPq<\/strong>).<\/li>\n\n\n\n<li><strong>Quando<\/strong>: 20 de outubro de 2025, das 09:00 \u00e0s 12:00.<\/li>\n\n\n\n<li><strong>Onde<\/strong>: Anfiteatro Cyro Grossi, CCB, Campus UEL.<\/li>\n\n\n\n<li><strong>P\u00fablico<\/strong>: Aberto \u00e0 comunidade.<\/li>\n<\/ul>\n\n\n<div class=\"wp-block-image\">\n<figure class=\"aligncenter size-large\"><img loading=\"lazy\" decoding=\"async\" width=\"819\" height=\"1024\" src=\"https:\/\/eventos.uel.br\/sefisuel\/wp-content\/uploads\/2025\/10\/Galvones-819x1024.png\" alt=\"\" class=\"wp-image-1580\" srcset=\"https:\/\/eventos.uel.br\/sefisuel\/wp-content\/uploads\/2025\/10\/Galvones-819x1024.png 819w, https:\/\/eventos.uel.br\/sefisuel\/wp-content\/uploads\/2025\/10\/Galvones-240x300.png 240w, https:\/\/eventos.uel.br\/sefisuel\/wp-content\/uploads\/2025\/10\/Galvones-768x960.png 768w, https:\/\/eventos.uel.br\/sefisuel\/wp-content\/uploads\/2025\/10\/Galvones.png 1080w\" sizes=\"auto, (max-width: 819px) 100vw, 819px\" \/><\/figure>\n<\/div>","protected":false},"excerpt":{"rendered":"<p>A 29\u00aa Semana da F\u00edsica da UEL ter\u00e1 sua abertura oficial no dia 20 de outubro, \u00e0s 9 horas, com a palestra magna do Prof. Ricardo Magnus Os\u00f3rio Galv\u00e3o, atual presidente do Conselho Nacional de Desenvolvimento Cient\u00edfico e Tecnol\u00f3gico (CNPq). O evento ser\u00e1 realizado no Anfiteatro Cyro Grossi, no Centro de Ci\u00eancias Biol\u00f3gicas (CCB), no [&hellip;]<\/p>\n","protected":false},"author":10,"featured_media":1580,"comment_status":"open","ping_status":"open","sticky":false,"template":"","format":"standard","meta":{"_acf_changed":false,"footnotes":""},"categories":[9,7,4,6,8],"tags":[5,16,17,15,18,13,14],"class_list":["post-1579","post","type-post","status-publish","format-standard","has-post-thumbnail","hentry","category-departamento-de-fisica","category-fisica","category-noticias","category-sefis","category-semana-da-fisica","tag-29a-semana-da-fisica","tag-cce","tag-ciencia","tag-evento","tag-fisica","tag-sefis","tag-uel"],"acf":[],"_links":{"self":[{"href":"https:\/\/eventos.uel.br\/sefisuel\/wp-json\/wp\/v2\/posts\/1579","targetHints":{"allow":["GET"]}}],"collection":[{"href":"https:\/\/eventos.uel.br\/sefisuel\/wp-json\/wp\/v2\/posts"}],"about":[{"href":"https:\/\/eventos.uel.br\/sefisuel\/wp-json\/wp\/v2\/types\/post"}],"author":[{"embeddable":true,"href":"https:\/\/eventos.uel.br\/sefisuel\/wp-json\/wp\/v2\/users\/10"}],"replies":[{"embeddable":true,"href":"https:\/\/eventos.uel.br\/sefisuel\/wp-json\/wp\/v2\/comments?post=1579"}],"version-history":[{"count":4,"href":"https:\/\/eventos.uel.br\/sefisuel\/wp-json\/wp\/v2\/posts\/1579\/revisions"}],"predecessor-version":[{"id":1586,"href":"https:\/\/eventos.uel.br\/sefisuel\/wp-json\/wp\/v2\/posts\/1579\/revisions\/1586"}],"wp:featuredmedia":[{"embeddable":true,"href":"https:\/\/eventos.uel.br\/sefisuel\/wp-json\/wp\/v2\/media\/1580"}],"wp:attachment":[{"href":"https:\/\/eventos.uel.br\/sefisuel\/wp-json\/wp\/v2\/media?parent=1579"}],"wp:term":[{"taxonomy":"category","embeddable":true,"href":"https:\/\/eventos.uel.br\/sefisuel\/wp-json\/wp\/v2\/categories?post=1579"},{"taxonomy":"post_tag","embeddable":true,"href":"https:\/\/eventos.uel.br\/sefisuel\/wp-json\/wp\/v2\/tags?post=1579"}],"curies":[{"name":"wp","href":"https:\/\/api.w.org\/{rel}","templated":true}]}}