{"id":1499,"date":"2025-09-19T09:02:12","date_gmt":"2025-09-19T12:02:12","guid":{"rendered":"https:\/\/eventos.uel.br\/sefisuel\/?p=1499"},"modified":"2025-09-19T09:04:41","modified_gmt":"2025-09-19T12:04:41","slug":"inscricoes-abertas-para-a-29a-semana-da-fisica-da-uel-que-abordara-solucoes-para-desafios-contemporaneos","status":"publish","type":"post","link":"https:\/\/eventos.uel.br\/sefisuel\/noticias\/2025\/09\/19\/inscricoes-abertas-para-a-29a-semana-da-fisica-da-uel-que-abordara-solucoes-para-desafios-contemporaneos\/","title":{"rendered":"Inscri\u00e7\u00f5es abertas para a 29\u00aa Semana da F\u00edsica da UEL, que abordar\u00e1 solu\u00e7\u00f5es para desafios contempor\u00e2neos"},"content":{"rendered":"<div class=\"wp-block-image is-style-default\">\n<figure class=\"aligncenter size-large is-resized\"><img loading=\"lazy\" decoding=\"async\" width=\"1024\" height=\"320\" src=\"https:\/\/eventos.uel.br\/sefisuel\/wp-content\/uploads\/2025\/06\/Capa-e1750961251762-1024x320.png\" alt=\"\" class=\"wp-image-121\" style=\"width:794px;height:auto\" srcset=\"https:\/\/eventos.uel.br\/sefisuel\/wp-content\/uploads\/2025\/06\/Capa-e1750961251762-1024x320.png 1024w, https:\/\/eventos.uel.br\/sefisuel\/wp-content\/uploads\/2025\/06\/Capa-e1750961251762-300x94.png 300w, https:\/\/eventos.uel.br\/sefisuel\/wp-content\/uploads\/2025\/06\/Capa-e1750961251762-768x240.png 768w, https:\/\/eventos.uel.br\/sefisuel\/wp-content\/uploads\/2025\/06\/Capa-e1750961251762-1536x480.png 1536w, https:\/\/eventos.uel.br\/sefisuel\/wp-content\/uploads\/2025\/06\/Capa-e1750961251762.png 1920w\" sizes=\"auto, (max-width: 1024px) 100vw, 1024px\" \/><\/figure>\n<\/div>\n\n\n<p><\/p>\n\n\n\n<p>A Universidade Estadual de Londrina (UEL) abriu as inscri\u00e7\u00f5es para sua tradicional 29\u00aa Semana da F\u00edsica, que ser\u00e1 realizada entre os dias 20 e 24 de outubro no campus universit\u00e1rio. Com o tema &#8220;<span style=\"text-decoration: underline\">F\u00edsica Aplicada \u2013 Solu\u00e7\u00f5es Cient\u00edficas para os Desafios Contempor\u00e2neos<\/span>&#8220;, a edi\u00e7\u00e3o deste ano prop\u00f5e uma imers\u00e3o no potencial transformador da ci\u00eancia.<\/p>\n\n\n\n<p>A programa\u00e7\u00e3o foi elaborada para destacar como a f\u00edsica contribui com respostas pr\u00e1ticas e inovadoras para problemas atuais, incluindo as mudan\u00e7as clim\u00e1ticas, a transi\u00e7\u00e3o energ\u00e9tica e os avan\u00e7os tecnol\u00f3gicos<sup><\/sup>. Segundo a comiss\u00e3o organizadora, o evento busca promover um debate aprofundado sobre as transforma\u00e7\u00f5es da sociedade contempor\u00e2nea e seus impactos diretos no futuro da F\u00edsica e de outras \u00e1reas do conhecimento<sup><\/sup>.<\/p>\n\n\n\n<p>Consolidada no calend\u00e1rio acad\u00eamico, a Semana da F\u00edsica \u00e9 uma iniciativa do Departamento de F\u00edsica que visa fortalecer o v\u00ednculo entre a universidade e a sociedade atrav\u00e9s da difus\u00e3o cient\u00edfica<sup><\/sup><sup><\/sup><sup><\/sup><sup><\/sup>. O p\u00fablico-alvo \u00e9 amplo, englobando estudantes de gradua\u00e7\u00e3o e p\u00f3s-gradua\u00e7\u00e3o, docentes, pesquisadores e a comunidade em geral interessada por ci\u00eancia<sup><\/sup><sup><\/sup><sup><\/sup>.<\/p>\n\n\n\n<p>As atividades, que incluem palestras e minicursos te\u00f3ricos, ocorrer\u00e3o no <strong>Anfiteatro Cyro Grossi <\/strong>(CCB).<\/p>\n\n\n\n<p>As inscri\u00e7\u00f5es podem ser realizadas at\u00e9 <span style=\"text-decoration: underline\"><strong>13 de outubro<\/strong><\/span> no site oficial do evento, onde tamb\u00e9m estar\u00e1 dispon\u00edvel a programa\u00e7\u00e3o completa: <a href=\"https:\/\/eventos.uel.br\/sefisuel\/inscricoes\/\">Inscri\u00e7\u00f5es para a Semana da F\u00edsica.<\/a><\/p>\n\n\n\n<p><strong>Servi\u00e7o:<\/strong><\/p>\n\n\n\n<ul class=\"wp-block-list\">\n<li><strong>Evento:<\/strong> 29\u00aa Semana da F\u00edsica da UEL.<\/li>\n\n\n\n<li><strong>Tema:<\/strong> F\u00edsica Aplicada \u2013 Solu\u00e7\u00f5es Cient\u00edficas para os Desafios Contempor\u00e2neos.<\/li>\n\n\n\n<li><strong>Data:<\/strong> 20 a 24 de outubro de 2025.<\/li>\n\n\n\n<li><strong>Local:<\/strong> Anfiteatro Cyro Grossi (CCB).<\/li>\n\n\n\n<li><strong>Inscri\u00e7\u00f5es:<\/strong> De <span style=\"text-decoration: underline\">19 de setembro<\/span> a <span style=\"text-decoration: underline\">13 de outubro<\/span> de 2025.<\/li>\n\n\n\n<li><strong>P\u00fablico:<\/strong> Estudantes, professores, pesquisadores e comunidade em geral.<\/li>\n\n\n\n<li><strong>Contato:<\/strong> sefis@uel.br.<\/li>\n<\/ul>\n","protected":false},"excerpt":{"rendered":"<p>A Universidade Estadual de Londrina (UEL) abriu as inscri\u00e7\u00f5es para sua tradicional 29\u00aa Semana da F\u00edsica, que ser\u00e1 realizada entre os dias 20 e 24 de outubro no campus universit\u00e1rio. Com o tema &#8220;F\u00edsica Aplicada \u2013 Solu\u00e7\u00f5es Cient\u00edficas para os Desafios Contempor\u00e2neos&#8220;, a edi\u00e7\u00e3o deste ano prop\u00f5e uma imers\u00e3o no potencial transformador da ci\u00eancia. A [&hellip;]<\/p>\n","protected":false},"author":10,"featured_media":499,"comment_status":"open","ping_status":"open","sticky":false,"template":"","format":"standard","meta":{"_acf_changed":false,"footnotes":""},"categories":[7,4,8],"tags":[5,15,13,12,11,14],"class_list":["post-1499","post","type-post","status-publish","format-standard","has-post-thumbnail","hentry","category-fisica","category-noticias","category-semana-da-fisica","tag-29a-semana-da-fisica","tag-evento","tag-sefis","tag-semana-da-fisica","tag-semana-da-fisica-2025","tag-uel"],"acf":[],"_links":{"self":[{"href":"https:\/\/eventos.uel.br\/sefisuel\/wp-json\/wp\/v2\/posts\/1499","targetHints":{"allow":["GET"]}}],"collection":[{"href":"https:\/\/eventos.uel.br\/sefisuel\/wp-json\/wp\/v2\/posts"}],"about":[{"href":"https:\/\/eventos.uel.br\/sefisuel\/wp-json\/wp\/v2\/types\/post"}],"author":[{"embeddable":true,"href":"https:\/\/eventos.uel.br\/sefisuel\/wp-json\/wp\/v2\/users\/10"}],"replies":[{"embeddable":true,"href":"https:\/\/eventos.uel.br\/sefisuel\/wp-json\/wp\/v2\/comments?post=1499"}],"version-history":[{"count":26,"href":"https:\/\/eventos.uel.br\/sefisuel\/wp-json\/wp\/v2\/posts\/1499\/revisions"}],"predecessor-version":[{"id":1525,"href":"https:\/\/eventos.uel.br\/sefisuel\/wp-json\/wp\/v2\/posts\/1499\/revisions\/1525"}],"wp:featuredmedia":[{"embeddable":true,"href":"https:\/\/eventos.uel.br\/sefisuel\/wp-json\/wp\/v2\/media\/499"}],"wp:attachment":[{"href":"https:\/\/eventos.uel.br\/sefisuel\/wp-json\/wp\/v2\/media?parent=1499"}],"wp:term":[{"taxonomy":"category","embeddable":true,"href":"https:\/\/eventos.uel.br\/sefisuel\/wp-json\/wp\/v2\/categories?post=1499"},{"taxonomy":"post_tag","embeddable":true,"href":"https:\/\/eventos.uel.br\/sefisuel\/wp-json\/wp\/v2\/tags?post=1499"}],"curies":[{"name":"wp","href":"https:\/\/api.w.org\/{rel}","templated":true}]}}