{"id":4,"count":2,"description":"Nesta categoria, voc\u00ea acompanha todas as not\u00edcias e atualiza\u00e7\u00f5es da Semana da F\u00edsica da UEL. Desde comunicados oficiais, destaques da programa\u00e7\u00e3o, convidados confirmados at\u00e9 bastidores da organiza\u00e7\u00e3o, este espa\u00e7o re\u00fane as informa\u00e7\u00f5es mais importantes para manter voc\u00ea por dentro de tudo o que acontece","link":"https:\/\/eventos.uel.br\/sefisuel\/categoria\/noticias\/","name":"Not\u00edcias","slug":"noticias","taxonomy":"category","parent":0,"meta":[],"acf":[],"_links":{"self":[{"href":"https:\/\/eventos.uel.br\/sefisuel\/wp-json\/wp\/v2\/categories\/4","targetHints":{"allow":["GET"]}}],"collection":[{"href":"https:\/\/eventos.uel.br\/sefisuel\/wp-json\/wp\/v2\/categories"}],"about":[{"href":"https:\/\/eventos.uel.br\/sefisuel\/wp-json\/wp\/v2\/taxonomies\/category"}],"wp:post_type":[{"href":"https:\/\/eventos.uel.br\/sefisuel\/wp-json\/wp\/v2\/posts?categories=4"}],"curies":[{"name":"wp","href":"https:\/\/api.w.org\/{rel}","templated":true}]}}